{"id":8,"count":7,"description":"A m\u00e1jus ide\u00e1lis id\u0151szak a n\u00f6v\u00e9nyek tr\u00e1gy\u00e1z\u00e1s\u00e1ra \u00e9s a k\u00e1rtev\u0151k elleni v\u00e9delemre. Blogunkon tippeket tal\u00e1l arra, hogyan biztos\u00edthatja, hogy vir\u00e1gai, f\u0171szern\u00f6v\u00e9nyei \u00e9s z\u00f6lds\u00e9gei er\u0151sen \u00e9s eg\u00e9szs\u00e9gesen n\u00f6vekedjenek. Ne feledkezzen meg a rendszeres \u00f6nt\u00f6z\u00e9sr\u0151l, a tr\u00e1gy\u00e1z\u00e1sr\u00f3l \u00e9s a gyep \u00e1pol\u00e1s\u00e1r\u00f3l. Itt az ideje a n\u00f6v\u00e9nyek ki\u00fcltet\u00e9s\u00e9nek!","link":"http:\/\/www.floria.cz\/hu\/category\/kveten\/","name":"M\u00e1jus","slug":"kveten","taxonomy":"category","parent":0,"meta":[],"_links":{"self":[{"href":"http:\/\/www.floria.cz\/hu\/wp-json\/wp\/v2\/categories\/8","targetHints":{"allow":["GET"]}}],"collection":[{"href":"http:\/\/www.floria.cz\/hu\/wp-json\/wp\/v2\/categories"}],"about":[{"href":"http:\/\/www.floria.cz\/hu\/wp-json\/wp\/v2\/taxonomies\/category"}],"wp:post_type":[{"href":"http:\/\/www.floria.cz\/hu\/wp-json\/wp\/v2\/posts?categories=8"}],"curies":[{"name":"wp","href":"https:\/\/api.w.org\/{rel}","templated":true}]}}