{"id":9,"count":6,"description":"Meg\u00e9rkezett a ny\u00e1r, vele egy\u00fctt az intenz\u00edv n\u00f6veked\u00e9s id\u0151szaka is. J\u00faniusban fontos a rendszeres \u00f6nt\u00f6z\u00e9s, tr\u00e1gy\u00e1z\u00e1s \u00e9s a n\u00f6v\u00e9nyek k\u00e1rtev\u0151k elleni v\u00e9delme. Blogunkb\u00f3l megtudhatja, hogyan gondoskodjon a ny\u00e1ri vir\u00e1gokr\u00f3l, z\u00f6lds\u00e9gekr\u0151l \u00e9s a gyep fel\u00fclet\u00e9r\u0151l, hogy kertje teljes pomp\u00e1j\u00e1ban legyen. Az belt\u00e9ri n\u00f6v\u00e9nyekr\u0151l sem feledkez\u00fcnk meg.","link":"http:\/\/www.floria.cz\/hu\/category\/cerven\/","name":"J\u00fanius","slug":"cerven","taxonomy":"category","parent":0,"meta":[],"_links":{"self":[{"href":"http:\/\/www.floria.cz\/hu\/wp-json\/wp\/v2\/categories\/9","targetHints":{"allow":["GET"]}}],"collection":[{"href":"http:\/\/www.floria.cz\/hu\/wp-json\/wp\/v2\/categories"}],"about":[{"href":"http:\/\/www.floria.cz\/hu\/wp-json\/wp\/v2\/taxonomies\/category"}],"wp:post_type":[{"href":"http:\/\/www.floria.cz\/hu\/wp-json\/wp\/v2\/posts?categories=9"}],"curies":[{"name":"wp","href":"https:\/\/api.w.org\/{rel}","templated":true}]}}