{"id":1690,"date":"2025-02-25T10:16:07","date_gmt":"2025-02-25T10:16:07","guid":{"rendered":"https:\/\/www.floria.cz\/?p=1690"},"modified":"2025-02-25T10:16:09","modified_gmt":"2025-02-25T10:16:09","slug":"pece-o-azalky-a-rododendrony","status":"publish","type":"post","link":"http:\/\/www.floria.cz\/hu\/pece-o-azalky-a-rododendrony\/","title":{"rendered":"Az\u00e1li\u00e1k \u00e9s rododendronok \u00e1pol\u00e1sa"},"content":{"rendered":"<figure class=\"wp-block-image size-full is-resized\"><img loading=\"lazy\" decoding=\"async\" width=\"700\" height=\"301\" src=\"http:\/\/www.floria.cz\/wp-content\/uploads\/2025\/02\/flowers-3309054_1920.jpg\" alt=\"\" class=\"wp-image-1687\" style=\"width:960px;height:auto\" srcset=\"http:\/\/www.floria.cz\/wp-content\/uploads\/2025\/02\/flowers-3309054_1920.jpg 700w, http:\/\/www.floria.cz\/wp-content\/uploads\/2025\/02\/flowers-3309054_1920-300x129.jpg 300w\" sizes=\"auto, (max-width: 700px) 100vw, 700px\" \/><\/figure>\n\n\n\n<p>Azale\u00e1k a rododendronokkal, a hangaf\u00e9l\u00e9kkel \u00e9s a vir\u00e1gz\u00f3 hang\u00e1val a hanga n\u00f6v\u00e9nyek csoportj\u00e1ba tartoznak. Mivel azale\u00e1k \u00e9s rododendronok termeszt\u00e9si ig\u00e9nyei hasonl\u00f3ak, a k\u00f6vetkez\u0151 tan\u00e1csok \u00e9s aj\u00e1nl\u00e1sok mindk\u00e9t n\u00f6v\u00e9ny eset\u00e9ben sikerrel alkalmazhat\u00f3k. Azalk\u00e1k azonban ig\u00e9nyeik tekintet\u00e9ben \u00e1ltal\u00e1ban egy kicsit szer\u00e9nyebbek.<\/p>\n\n\n\n<p id=\"viewer-68lo3\" class=\"translation-block\">A hangaf\u00e9l\u00e9k savany\u00fa talajt kedvel\u0151 n\u00f6v\u00e9nyek, teh\u00e1t nem t\u0171rik a talaj magas m\u00e9sztartalm\u00e1t. A rododendronok sz\u00e1m\u00e1ra j\u00f3 v\u00edz\u00e1tereszt\u0151, leveg\u0151s \u00e9s savany\u00fa talaj sz\u00fcks\u00e9ges, amelynek pH-\u00e9rt\u00e9ke 4,5\u20135,5 k\u00f6z\u00f6tt van.<\/p>\n\n\n\n<p id=\"viewer-4v5e7\" class=\"translation-block\">Az az\u00e1le\u00e1k \u00e9l\u00e9nk pasztellsz\u00edneikkel \u2013 f\u0151k\u00e9nt s\u00e1rga, narancs, r\u00f3zsasz\u00edn \u00e9s piros \u00e1rnyalatokban \u2013 kieg\u00e9sz\u00edtik \u00e9s egyben ellens\u00falyozz\u00e1k az \u00f6r\u00f6kz\u00f6ld rododendronokat. \u0150sszel is felh\u00edvj\u00e1k magukra a figyelmet, amikor leveleik narancss\u00e1rga vagy v\u00f6r\u00f6s sz\u00edn\u0171re v\u00e1ltoznak.\n\nA n\u00e1lunk termesztett fajt\u00e1k k\u00f6r\u00fclbel\u00fcl 1,5 m\u00e9ter magasra n\u0151nek. S\u0171r\u0171n el\u00e1gaz\u00f3, kisebb bokrok, amelyek sz\u00e9lesen harang alak\u00fa, illat n\u00e9lk\u00fcli, pasztellsz\u00edn\u0171 vir\u00e1gokat hoznak.<\/p>\n\n\n\n<p id=\"viewer-9j3df\" class=\"translation-block\">Az \u00fagynevezett genti az\u00e1le\u00e1k ak\u00e1r 2 m\u00e9ter magasra is megn\u0151hetnek. Apr\u00f3, cs\u00f6ves alak\u00fa \u00e9s illatos vir\u00e1gaik gazdag vir\u00e1gzatokban jelennek meg.\n\nA f\u00e9lig lombhullat\u00f3 az\u00e1leav\u00e1ltozatokat az \u00fczletekben leggyakrabban \u201ejap\u00e1n az\u00e1lea\u201d n\u00e9ven tal\u00e1lhatjuk meg. Ez egy nagyon alacsony, s\u0171r\u0171 \u00e9s finoman el\u00e1gaz\u00f3 cserje apr\u00f3 levelekkel, amely olyan gazdagon vir\u00e1gzik, hogy a n\u00f6v\u00e9ny felsz\u00edn\u00e9n szinte \u00f6sszef\u00fcgg\u0151 sz\u00ednes vir\u00e1gsz\u0151nyeg alakul ki.\n\n\u00c1ltal\u00e1ban igaz, hogy min\u00e9l id\u0151sebb az az\u00e1lea, ann\u00e1l szebb.<\/p>\n\n\n\n<h2 class=\"wp-block-heading\" id=\"viewer-5itnl\">Vir\u00e1gf\u00f6ld<\/h2>\n\n\n\n<p id=\"viewer-5g2uu\">Az \u00fcltet\u0151k\u00f6zeg vagy talaj a rododendronok \u00fcltet\u00e9s\u00e9n\u00e9l a legfontosabb t\u00e9nyez\u0151. A szubsztr\u00e1tot elk\u00e9sz\u00edtheti saj\u00e1t maga, vagy v\u00e1laszthat k\u00e9sz, el\u0151re \u00f6ssze\u00e1ll\u00edtott kever\u00e9ket, amely pontos ar\u00e1nyban tartalmazza az \u00f6sszes sz\u00fcks\u00e9ges \u00f6sszetev\u0151t, \u00edgy m\u00e1r az \u00fcltet\u00e9s pillanat\u00e1t\u00f3l biztos\u00edtja a n\u00f6v\u00e9nyek megfelel\u0151 fejl\u0151d\u00e9s\u00e9t \u00e9s n\u00f6veked\u00e9s\u00e9t.\n\nM\u00e9szt semmik\u00e9ppen sem tartalmazhat!\n\nHa a rododendronokat \u00e9s az az\u00e1le\u00e1kat helyesen \u00fclteti el, gy\u00f6ny\u00f6r\u0171, ragyog\u00f3 vir\u00e1gokkal fogj\u00e1k megh\u00e1l\u00e1lni a gondoskod\u00e1st.<\/p>\n\n\n\n<p id=\"viewer-b06sj\" class=\"translation-block\">Ha a vir\u00e1gf\u00f6ldet saj\u00e1t maga szeretn\u00e9 keverni, haszn\u00e1ljon durva rostos t\u0151zeget \u2013 ez leveg\u0151s, nagyon k\u00f6nnyen felveszi \u00e9s megtartja a vizet, valamint nagyon alacsony pH-\u00e9rt\u00e9kkel rendelkezik.\n\nNagyon megfelel\u0151 m\u00e9g a feny\u0151avar vagy a feny\u0151k\u00e9reg (mulcs) is, amely kiv\u00e1l\u00f3 talajlaz\u00edt\u00f3 k\u00e9pess\u00e9ggel b\u00edr \u00e9s nagyon j\u00f3l tartja a nedvess\u00e9get. Ehhez adjon m\u00e9g f\u0171r\u00e9szpor vagy faforg\u00e1cs kever\u00e9k\u00e9t, amelyek szint\u00e9n j\u00f3l megtartj\u00e1k a nedvess\u00e9get \u00e9s laz\u00edtj\u00e1k a nehezebb talajokat. A jobb v\u00edz\u00e1tereszt\u00e9s \u00e9rdek\u00e9ben homokot vagy perlitet is lehet hozz\u00e1adni.<\/p>\n\n\n\n<h2 class=\"wp-block-heading\" id=\"viewer-62nvs\">\u00dcLTET\u00c9S<\/h2>\n\n\n\n<p id=\"viewer-454jc\" class=\"translation-block\">Az \u00fcltetett rododendronok \u00e9s az\u00e1le\u00e1k sz\u00e1m\u00e1ra megfelel\u0151en t\u00e1gas g\u00f6dr\u00f6t kell \u00e1sni, amely legal\u00e1bb k\u00e9tszer akkora, mint a n\u00f6v\u00e9ny gy\u00f6k\u00e9rlabd\u00e1ja.\n\nKer\u00fclje az agyagos talajba t\u00f6rt\u00e9n\u0151 \u00fcltet\u00e9st, mivel abban a v\u00edz visszatart\u00f3dik, \u00e9s fenn\u00e1ll a gy\u00f6k\u00e9rlabda t\u00fal\u00f6nt\u00f6z\u00e9s\u00e9nek vesz\u00e9lye.<\/p>\n\n\n\n<p id=\"viewer-c5bt3\" class=\"translation-block\">Laz\u00edtsa fel az \u00fcltet\u0151g\u00f6d\u00f6r alj\u00e1t, \u00e9s a fellaz\u00edtott r\u00e9tegbe dolgozzon bele egy kev\u00e9s kavicsot v\u00edzelvezet\u00e9sk\u00e9nt. A g\u00f6d\u00f6r alj\u00e1ra ter\u00edtsen rododendronokhoz val\u00f3 szubsztr\u00e1t r\u00e9teget, majd \u00fcltesse el a cserj\u00e9t \u2013 a szubsztr\u00e1t r\u00e9teg vastags\u00e1ga legal\u00e1bb 40 cm legyen.\n\nHa nem tartja be ezt az \u00fcltet\u00e9si elj\u00e1r\u00e1st, k\u00fcl\u00f6n\u00f6sen m\u00e9sztartalm\u00fa talajon, a n\u00f6v\u00e9ny vas- \u00e9s magn\u00e9ziumfelv\u00e9tele zavart szenvedhet \u2013 kialakulhat az \u00fagynevezett klor\u00f3zis, amelynek jellegzetes t\u00fcnete a s\u00e1rga lev\u00e9lzet er\u0151sen z\u00f6ld erezettel. \ud83c\udf3f\n\nAz az\u00e1le\u00e1kat vir\u00e1gz\u00e1s ut\u00e1n \u00fcltess\u00fck \u00e1t, 2\u20133 \u00e9vente egyszer, id\u0151sebb n\u00f6v\u00e9nyek eset\u00e9ben pedig elegend\u0151 a szubsztr\u00e1t p\u00f3tl\u00e1sa.<\/p>\n\n\n\n<h2 class=\"wp-block-heading\" id=\"viewer-fp90m\">TERMESZT\u00c9S<\/h2>\n\n\n\n<p id=\"viewer-3i7iv\" class=\"translation-block\">Az az\u00e1le\u00e1knak eg\u00e9sz \u00e9vben kiegyens\u00falyozott nedvess\u00e9gre van sz\u00fcks\u00e9g\u00fck \u2013 a gy\u00f6k\u00e9rlabda soha nem sz\u00e1radhat ki teljesen, ugyanakkor a tart\u00f3san vizes k\u00f6zeg k\u00e1ros\u00edtja a gy\u00f6kereket.\n\nAz az\u00e1le\u00e1k n\u00f6veked\u00e9se \u00e9s eg\u00e9szs\u00e9gi \u00e1llapota sokkal jobb kis v\u00edzfel\u00fclet, patak vagy vizes \u00e9l\u0151hely k\u00f6zel\u00e9ben.\n\nOlyan helyet v\u00e1lasszon, amely v\u00e9dett az er\u0151s naps\u00fct\u00e9st\u0151l, a t\u0171z\u0151 reggeli napt\u00f3l, az alacsonyan j\u00e1r\u00f3, er\u0151s t\u00e9li naps\u00fct\u00e9st\u0151l, valamint a fagyos \u00e9s sz\u00e1r\u00edt\u00f3 szelekt\u0151l \u2013 ide\u00e1lisan a lejt\u0151k, \u00e9p\u00fcletek \u00e9s magasabb n\u00f6v\u00e9ny\u00e1llom\u00e1nyok nyugati vagy \u00e9szaki oldal\u00e1n, illetve m\u00e9lyen gy\u00f6kerez\u0151 f\u00e1k alatt, mint p\u00e9ld\u00e1ul a feny\u0151, t\u00f6lgy, v\u00f6r\u00f6sfeny\u0151, jegenyefeny\u0151 vagy p\u00e1fr\u00e1nyfeny\u0151. \ud83c\udf32\n\nA rododendronokat k\u00fcl\u00f6n\u00f6sen zavarj\u00e1k a tavaszi sz\u00e1r\u00edt\u00f3 szelek, amelyek hat\u00e1s\u00e1ra a vir\u00e1gok a bokrok cs\u00facs\u00e1n m\u00e1r bimb\u00f3 \u00e1llapotban kisz\u00e1radhatnak.<\/p>\n\n\n\n<p id=\"viewer-eoabn\" class=\"translation-block\">A n\u00f6v\u00e9nyek sek\u00e9ly gy\u00f6k\u00e9rzet\u0171ek, ez\u00e9rt soha ne kap\u00e1lja \u0151ket, hanem csak mulcsozza \u2013 minden tavasszal ter\u00edtsen r\u00e1juk kb. 10 cm vastag szubsztr\u00e1tr\u00e9teget, hogy seg\u00edtsen meg\u0151rizni a talaj nedvess\u00e9g\u00e9t \u00e9s h\u0171v\u00f6sen tartsa a gy\u00f6kereket. \ud83c\udf31\n\nA kont\u00e9nerben nevelt az\u00e1le\u00e1kat szeptemberben \u00e9s okt\u00f3berben az els\u0151 fagyok el\u0151tt vigye be egy 10\u201315 \u00b0C-os helyis\u00e9gbe. Amikor megjelennek a bimb\u00f3k, a n\u00f6v\u00e9nyek elviselik a magasabb h\u0151m\u00e9rs\u00e9kletet is, \u00e1tmenetileg ak\u00e1r 15\u201318 \u00b0C-ot \u2013 azonban min\u00e9l melegebb a helyis\u00e9g, ann\u00e1l gyorsabban pusztul el a n\u00f6v\u00e9ny.\n\nEr\u0151s fagyok idej\u00e9n az \u00f6r\u00f6kz\u00f6ld rododendronok levelei t\u00e9len \u00f6sszeg\u00f6mb\u00f6ly\u00f6dnek, \u00edgy cs\u00f6kkentik a levelekben l\u00e9v\u0151 v\u00edz p\u00e1rolg\u00e1s\u00e1t \u2013 a fagyok elm\u00falt\u00e1val a levelek ism\u00e9t kiegyenesednek.<\/p>\n\n\n\n<h2 class=\"wp-block-heading\" id=\"viewer-54l8h\">TR\u00c1GY\u00c1Z\u00c1S<\/h2>\n\n\n\n<p id=\"viewer-f5d7q\" class=\"translation-block\">A rododendronokat rendszeresen m\u00e9szmentes m\u0171tr\u00e1gy\u00e1val kell tr\u00e1gy\u00e1zni. Ide\u00e1lis p\u00e9ld\u00e1ul a FLORIA foly\u00e9kony m\u0171tr\u00e1gya savany\u00fa talajt kedvel\u0151 n\u00f6v\u00e9nyekhez, vagy a FLORIA m\u0171tr\u00e1gya savany\u00fa talajt kedvel\u0151 n\u00f6v\u00e9nyekhez kompakt\u00e1lt (granul\u00e1lt) form\u00e1ban, amely minden savany\u00fa talajt ig\u00e9nyl\u0151 n\u00f6v\u00e9ny sz\u00e1m\u00e1ra biztos\u00edtja a sz\u00fcks\u00e9ges t\u00e1panyagokat.\n\nA nem tr\u00e1gy\u00e1zott bokrok alulr\u00f3l felkopaszodnak, \u00e9s fog\u00e9konyabbak a gomb\u00e1s betegs\u00e9gekre, k\u00fcl\u00f6n\u00f6sen a gy\u00f6k\u00e9rnyakn\u00e1l. Ezzel szemben a megfelel\u0151en tr\u00e1gy\u00e1zott bokrok jobban el\u00e1gaznak, gazdagabban vir\u00e1goznak \u00e9s jobban t\u0171rik a metsz\u00e9st.\n\nF\u0151k\u00e9nt a n\u00f6veked\u00e9si id\u0151szakban tr\u00e1gy\u00e1zzunk \u2013 m\u00e1just\u00f3l j\u00falius v\u00e9g\u00e9ig.<\/p>\n\n\n\n<h2 class=\"wp-block-heading\" id=\"viewer-a8814\">KULTIV\u00c1L\u00c1S, METSZ\u00c9S, FORM\u00c1Z\u00c1S<\/h2>\n\n\n\n<p id=\"viewer-a6rtn\">A rododendronok t\u00f6bbs\u00e9ge term\u00e9szet\u00e9n\u00e9l fogva t\u00f6m\u00f6tt n\u00f6veked\u00e9s\u0171, \u00e9s nem ig\u00e9nyel metsz\u00e9st. Az id\u0151sebb bokrok id\u0151nk\u00e9nt alulr\u00f3l felkopaszodnak, leveleiket elvesz\u00edtik, \u00e9s az oldal\u00e1gak elsz\u00e1radnak.<\/p>\n\n\n\n<p id=\"viewer-bqdr\" class=\"translation-block\">A cs\u00fanya form\u00e1j\u00fa bokrot kora tavasszal alak\u00edtsa. A metsz\u00e9st k\u00f6zvetlen\u00fcl egy lev\u00e9lp\u00e1r felett v\u00e9gezze, a f\u00e1s hajt\u00e1sokon pedig, ahol nincs lev\u00e9l, a nyugalmi r\u00fcgyek felett v\u00e1gjon.\n\nAz id\u0151sebb bokrok id\u0151nk\u00e9nt m\u00e9ly metsz\u00e9st ig\u00e9nyelnek eg\u00e9szen az \u00f6reg f\u00e1ig, kb. 30\u201340 cm-rel a talaj felett, k\u00f6zvetlen\u00fcl kora tavasszal.\n\nA tavasszal n\u00f6vekv\u0151 \u00faj hajt\u00e1sokat m\u00e1jusig cs\u00edpje vissza, hogy a n\u00f6v\u00e9ny t\u00f6m\u00f6tt bokrot k\u00e9pezzen.\n\nVir\u00e1gz\u00e1s ut\u00e1n a fiatal n\u00f6v\u00e9nyeket enyh\u00e9n visszametszheti \u2013 a r\u00f6vid\u00edtett, kopasz \u00e1gakon a nyugalmi r\u00fcgyek kihajtanak, \u00e9s a t\u00e9l be\u00e1llt\u00e1ig a hajt\u00e1sok m\u00e9g kell\u0151en be\u00e9rnek.\n\nA vir\u00e1gz\u00e1s ut\u00e1n k\u00f6r\u00fclbel\u00fcl n\u00e9gy h\u00e9ttel t\u00f6rje le az elny\u00edlt r\u00e9szeket \u2013 \u00edgy a bokrok szebbek lesznek, \u00e9s t\u00e1mogatja a rendszeres el\u00e1gaz\u00e1st, valamint a k\u00f6vetkez\u0151 \u00e9vi b\u0151s\u00e9ges vir\u00e1gr\u00fcgy-k\u00e9pz\u0151d\u00e9st. Ha az elny\u00edlt vir\u00e1gzatokat a n\u00f6v\u00e9nyen hagyja, term\u00e9sek k\u00e9pz\u0151dnek, amelyek feleslegesen gyeng\u00edtik a n\u00f6v\u00e9nyt, \u00e9s a k\u00f6vetkez\u0151 \u00e9vben a rododendron ak\u00e1r nem is vir\u00e1gzik.<\/p>\n\n\n\n<figure class=\"wp-block-image size-large\"><img loading=\"lazy\" decoding=\"async\" width=\"1024\" height=\"575\" src=\"http:\/\/www.floria.cz\/wp-content\/uploads\/2025\/02\/IMG_0585-1024x575.jpg\" alt=\"\" class=\"wp-image-1691\" srcset=\"http:\/\/www.floria.cz\/wp-content\/uploads\/2025\/02\/IMG_0585-1024x575.jpg 1024w, http:\/\/www.floria.cz\/wp-content\/uploads\/2025\/02\/IMG_0585-300x168.jpg 300w, http:\/\/www.floria.cz\/wp-content\/uploads\/2025\/02\/IMG_0585-768x431.jpg 768w, http:\/\/www.floria.cz\/wp-content\/uploads\/2025\/02\/IMG_0585-1536x862.jpg 1536w, http:\/\/www.floria.cz\/wp-content\/uploads\/2025\/02\/IMG_0585.jpg 1920w\" sizes=\"auto, (max-width: 1024px) 100vw, 1024px\" \/><\/figure>","protected":false},"excerpt":{"rendered":"<p>Azalky pat\u0159\u00ed spolu s rododendrony, v\u0159esy a v\u0159esovci do skupiny v\u0159esovi\u0161tn\u00edch rostlin. Vzhledem k tomu, \u017ee azalky i rododendrony maj\u00ed podobn\u00e9 n\u00e1roky na p\u011bstov\u00e1n\u00ed, n\u00e1sleduj\u00edc\u00ed rady a doporu\u010den\u00ed m\u016f\u017eete s \u00fasp\u011bchem pou\u017e\u00edt pro ob\u011b rostliny. Azalky v\u0161ak b\u00fdvaj\u00ed na n\u00e1roky o n\u011bco skromn\u011bj\u0161\u00ed. V\u0159esovi\u0161tn\u00ed rostliny jsou kyselomiln\u00e9, tedy nesn\u00e1\u0161ej\u00ed vy\u0161\u0161\u00ed obsah v\u00e1pn\u00edku v p\u016fd\u011b. P\u016fdu [&hellip;]<\/p>\n","protected":false},"author":2,"featured_media":1687,"comment_status":"open","ping_status":"open","sticky":false,"template":"","format":"standard","meta":{"footnotes":"","css_class_manager_body_classes":"","css_class_manager_use_in_post_loop":false},"categories":[9,10,8,11],"tags":[],"class_list":["post-1690","post","type-post","status-publish","format-standard","has-post-thumbnail","hentry","category-cerven","category-cervenec","category-kveten","category-srpen"],"_links":{"self":[{"href":"http:\/\/www.floria.cz\/hu\/wp-json\/wp\/v2\/posts\/1690","targetHints":{"allow":["GET"]}}],"collection":[{"href":"http:\/\/www.floria.cz\/hu\/wp-json\/wp\/v2\/posts"}],"about":[{"href":"http:\/\/www.floria.cz\/hu\/wp-json\/wp\/v2\/types\/post"}],"author":[{"embeddable":true,"href":"http:\/\/www.floria.cz\/hu\/wp-json\/wp\/v2\/users\/2"}],"replies":[{"embeddable":true,"href":"http:\/\/www.floria.cz\/hu\/wp-json\/wp\/v2\/comments?post=1690"}],"version-history":[{"count":1,"href":"http:\/\/www.floria.cz\/hu\/wp-json\/wp\/v2\/posts\/1690\/revisions"}],"predecessor-version":[{"id":1692,"href":"http:\/\/www.floria.cz\/hu\/wp-json\/wp\/v2\/posts\/1690\/revisions\/1692"}],"wp:featuredmedia":[{"embeddable":true,"href":"http:\/\/www.floria.cz\/hu\/wp-json\/wp\/v2\/media\/1687"}],"wp:attachment":[{"href":"http:\/\/www.floria.cz\/hu\/wp-json\/wp\/v2\/media?parent=1690"}],"wp:term":[{"taxonomy":"category","embeddable":true,"href":"http:\/\/www.floria.cz\/hu\/wp-json\/wp\/v2\/categories?post=1690"},{"taxonomy":"post_tag","embeddable":true,"href":"http:\/\/www.floria.cz\/hu\/wp-json\/wp\/v2\/tags?post=1690"}],"curies":[{"name":"wp","href":"https:\/\/api.w.org\/{rel}","templated":true}]}}