{"id":12,"count":3,"description":"A szeptember ide\u00e1lis id\u0151szak a kert felk\u00e9sz\u00edt\u00e9s\u00e9re az \u0151sz \u00e9rkez\u00e9s\u00e9re. Ebben a h\u00f3napban koncentr\u00e1ljon a betakar\u00edt\u00e1sra, a n\u00f6v\u00e9nyek \u00e1t\u00fcltet\u00e9s\u00e9re \u00e9s a tr\u00e1gy\u00e1z\u00e1sra, hogy kertje er\u0151s maradjon \u00e9s felk\u00e9sz\u00fclt legyen a h\u0171v\u00f6sebb napokra. Cikk\u00fcnkben megtudhatja, hogyan \u00e1polja a gyepet \u0151sszel, illetve hogyan \u00fcltesse el az \u00e1fony\u00e1t.","link":"https:\/\/www.floria.cz\/hu\/category\/zari\/","name":"Szeptember","slug":"zari","taxonomy":"category","parent":0,"meta":[],"_links":{"self":[{"href":"https:\/\/www.floria.cz\/hu\/wp-json\/wp\/v2\/categories\/12","targetHints":{"allow":["GET"]}}],"collection":[{"href":"https:\/\/www.floria.cz\/hu\/wp-json\/wp\/v2\/categories"}],"about":[{"href":"https:\/\/www.floria.cz\/hu\/wp-json\/wp\/v2\/taxonomies\/category"}],"wp:post_type":[{"href":"https:\/\/www.floria.cz\/hu\/wp-json\/wp\/v2\/posts?categories=12"}],"curies":[{"name":"wp","href":"https:\/\/api.w.org\/{rel}","templated":true}]}}