{"id":5,"count":4,"description":"A febru\u00e1r az a h\u00f3nap, amikor m\u00e1r a tavaszt v\u00e1rjuk! Blogunkon tan\u00e1csokat tal\u00e1l arr\u00f3l, hogyan gondozza megfelel\u0151en a telet \u00e1tv\u00e9szel\u0151 n\u00f6v\u00e9nyeket, \u00e9s mik\u00e9nt k\u00e9sz\u00edtse fel kertj\u00e9t a k\u00f6zelg\u0151 szezonra. Ne feledkezzen meg a szersz\u00e1mok karbantart\u00e1s\u00e1r\u00f3l \u00e9s az els\u0151 \u00fcltet\u00e9sekr\u0151l sem, amelyek megk\u00f6nny\u00edtik a tavaszi indul\u00e1st.","link":"https:\/\/www.floria.cz\/hu\/category\/unor\/","name":"FEBRU\u00c1R","slug":"unor","taxonomy":"category","parent":0,"meta":[],"_links":{"self":[{"href":"https:\/\/www.floria.cz\/hu\/wp-json\/wp\/v2\/categories\/5","targetHints":{"allow":["GET"]}}],"collection":[{"href":"https:\/\/www.floria.cz\/hu\/wp-json\/wp\/v2\/categories"}],"about":[{"href":"https:\/\/www.floria.cz\/hu\/wp-json\/wp\/v2\/taxonomies\/category"}],"wp:post_type":[{"href":"https:\/\/www.floria.cz\/hu\/wp-json\/wp\/v2\/posts?categories=5"}],"curies":[{"name":"wp","href":"https:\/\/api.w.org\/{rel}","templated":true}]}}