{"id":59,"date":"2024-07-01T19:07:28","date_gmt":"2024-07-01T19:07:28","guid":{"rendered":"https:\/\/www.floria.cz\/?p=59"},"modified":"2025-02-25T09:16:06","modified_gmt":"2025-02-25T09:16:06","slug":"blankytne-modre-hortenzie","status":"publish","type":"post","link":"https:\/\/www.floria.cz\/hu\/blankytne-modre-hortenzie\/","title":{"rendered":"\u00c9gk\u00e9k hortenzia"},"content":{"rendered":"<figure class=\"wp-block-image size-full is-resized\"><img loading=\"lazy\" decoding=\"async\" width=\"700\" height=\"300\" src=\"http:\/\/www.floria.cz\/wp-content\/uploads\/2024\/07\/Navrh-bez-nazvu-69.svg\" alt=\"\" class=\"wp-image-1486\" style=\"width:960px;height:auto\"\/><\/figure>\n\n\n\n<p class=\"translation-block\">A k\u00e9k hortenzia \u00e9vsz\u00e1zadok \u00f3ta \u00e1lmatlan \u00e9jszak\u00e1kat okoz a kert\u00e9szeknek, \u00e9s \u00e9ppen ez\u00e9rt terjedtek el sz\u00e9ps\u00e9g\u00fck r\u00e9v\u00e9n a kertjeinkben, majd v\u00e1ltak szinte k\u00f6lt\u0151i jelk\u00e9pp\u00e9. De mi a val\u00f3di titka a nemes hortenzia \u00e9gsz\u00ednk\u00e9k vir\u00e1g\u00e1nak?\n\nA k\u00e9k, lila \u00e9s r\u00f3zsasz\u00edn \u00e1rnyalatokat az antoci\u00e1nok biztos\u00edtj\u00e1k, ezek a vir\u00e1gok sejtnedv\u00e9ben oldott sz\u00ednanyagok. Hogy milyen \u00e1rnyalatban jelenik meg a vir\u00e1g, az a sejtnedv pH-\u00e9rt\u00e9k\u00e9t\u0151l f\u00fcgg \u2013 \u00e9s ezt a pH-t befoly\u00e1solhatod a talaj savass\u00e1g\u00e1val, amelyb\u0151l a hortenzia felveszi a vizet \u00e9s a t\u00e1panyagokat. \u00dcltesd \u0151ket ez\u00e9rt el\u00e9gg\u00e9 savas k\u00f6zegbe, kb. pH 4 k\u00f6r\u00fcli talajba, p\u00e9ld\u00e1ul a FLORIA savkedvel\u0151 n\u00f6v\u00e9nyekhez k\u00e9sz\u00fclt talaj\u00e1ba.\n\nHa m\u00e1r \u00edgy \u00fcltetted \u0151ket, a hortenzia sz\u00e9pen vir\u00e1gzik, de a k\u00e9k sz\u00edn m\u00e9g mindig nem el\u00e9g intenz\u00edv? Lehet, hogy a n\u00f6v\u00e9nyeidnek tov\u00e1bbi \u201et\u00e1mogat\u00e1sra\u201d van sz\u00fcks\u00e9g\u00fck \u2013 pr\u00f3b\u00e1ld ki a FLORIA k\u00e9k hortenzia sz\u00e1m\u00e1ra k\u00e9sz\u00fclt krist\u00e1lyos m\u0171tr\u00e1gy\u00e1t. Ez gazdag minden alapvet\u0151 t\u00e1panyagban \u00e9s nyomelemben, gyorsan old\u00f3d\u00f3, v\u00edzben felvehet\u0151 form\u00e1ban. A foszfor tartalom t\u00e1mogatja az \u00faj vir\u00e1gok k\u00e9pz\u0151d\u00e9s\u00e9t \u00e9s sz\u00edn\u00e9t, a nitrog\u00e9n pedig gyors\u00edtja a z\u00f6ld t\u00f6meg n\u00f6veked\u00e9s\u00e9t (a n\u00f6v\u00e9ny habitus\u00e1t), \u00e9s \u00e1ltal\u00e1nosan er\u0151s\u00edti a n\u00f6v\u00e9nyt. A nyomelemek jav\u00edtj\u00e1k a n\u00f6v\u00e9ny vitalit\u00e1s\u00e1t \u00e9s fokozz\u00e1k ellen\u00e1ll\u00f3k\u00e9pess\u00e9g\u00e9t a betegs\u00e9gekkel szemben. A m\u0171tr\u00e1gya k\u00fcl\u00f6nleges \u00f6sszetev\u0151je az amm\u00f3nium-alum\u00ednium-szulf\u00e1t, amely kifejezetten el\u0151seg\u00edti a hortenzia vir\u00e1gainak k\u00e9k sz\u00edn\u00e9t.\n\nA k\u00e9k \u00e9s lila fajt\u00e1k \u00edgy gy\u00f6ny\u00f6r\u0171en sz\u00ednez\u0151dnek, a feh\u00e9r vir\u00e1gok pedig finoman k\u00e9kes \u00e1rnyalatot kapnak, mintha h\u0171v\u00f6s, k\u00e9kes \u00e1rny\u00e9k borulna r\u00e1juk.<\/p>","protected":false},"excerpt":{"rendered":"<p>Modr\u00e9 hortenzie ned\u00e1valy oded\u00e1vna sp\u00e1t zap\u00e1len\u00fdm zahradn\u00edk\u016fm, i proto se tyto n\u00e1dhern\u00e9 kv\u011btiny roz\u0161\u00ed\u0159ily v\u00a0na\u0161ich zahrad\u00e1ch, a staly se t\u00e9m\u011b\u0159 b\u00e1snick\u00fdm pojmem. A jak\u00e9 je skute\u010dn\u00e9 tajemstv\u00ed blankytn\u00e9 mod\u0159i vzne\u0161en\u00fdch hortenzi\u00ed? Modr\u00e9, fialov\u00e9 i r\u016f\u017eov\u00e9 zbarven\u00ed zaji\u0161\u0165uj\u00ed antokyany, barviva rozpu\u0161t\u011bn\u00e1 v bun\u011b\u010dn\u00e9 \u0161\u0165\u00e1v\u011b kv\u011bt\u016f. Jak\u00fdm odst\u00ednem se vybarv\u00ed, z\u00e1le\u017e\u00ed na pH t\u00e9to \u0161\u0165\u00e1vy \u2013 a [&hellip;]<\/p>\n","protected":false},"author":1,"featured_media":1486,"comment_status":"open","ping_status":"open","sticky":false,"template":"","format":"standard","meta":{"footnotes":"","css_class_manager_body_classes":"","css_class_manager_use_in_post_loop":false},"categories":[10],"tags":[],"class_list":["post-59","post","type-post","status-publish","format-standard","has-post-thumbnail","hentry","category-cervenec"],"_links":{"self":[{"href":"https:\/\/www.floria.cz\/hu\/wp-json\/wp\/v2\/posts\/59","targetHints":{"allow":["GET"]}}],"collection":[{"href":"https:\/\/www.floria.cz\/hu\/wp-json\/wp\/v2\/posts"}],"about":[{"href":"https:\/\/www.floria.cz\/hu\/wp-json\/wp\/v2\/types\/post"}],"author":[{"embeddable":true,"href":"https:\/\/www.floria.cz\/hu\/wp-json\/wp\/v2\/users\/1"}],"replies":[{"embeddable":true,"href":"https:\/\/www.floria.cz\/hu\/wp-json\/wp\/v2\/comments?post=59"}],"version-history":[{"count":2,"href":"https:\/\/www.floria.cz\/hu\/wp-json\/wp\/v2\/posts\/59\/revisions"}],"predecessor-version":[{"id":1665,"href":"https:\/\/www.floria.cz\/hu\/wp-json\/wp\/v2\/posts\/59\/revisions\/1665"}],"wp:featuredmedia":[{"embeddable":true,"href":"https:\/\/www.floria.cz\/hu\/wp-json\/wp\/v2\/media\/1486"}],"wp:attachment":[{"href":"https:\/\/www.floria.cz\/hu\/wp-json\/wp\/v2\/media?parent=59"}],"wp:term":[{"taxonomy":"category","embeddable":true,"href":"https:\/\/www.floria.cz\/hu\/wp-json\/wp\/v2\/categories?post=59"},{"taxonomy":"post_tag","embeddable":true,"href":"https:\/\/www.floria.cz\/hu\/wp-json\/wp\/v2\/tags?post=59"}],"curies":[{"name":"wp","href":"https:\/\/api.w.org\/{rel}","templated":true}]}}