{"id":5,"count":4,"description":"Febru\u00e1r je mesiac, kedy sa za\u010d\u00edname te\u0161i\u0165 na jar! Na na\u0161om blogu n\u00e1jdete rady, ako sa spr\u00e1vne postara\u0165 o rastliny, ktor\u00e9 pre\u010dk\u00e1vaj\u00fa zimu a ako pripravi\u0165 z\u00e1hradu na prich\u00e1dzaj\u00facu sez\u00f3nu. Nezabudnite na \u00fadr\u017ebu n\u00e1radia a prv\u00e9 v\u00fdsadby, ktor\u00e9 v\u00e1m u\u013eah\u010dia jarn\u00fd \u0161tart.","link":"https:\/\/www.floria.cz\/sk\/category\/unor\/","name":"Febru\u00e1r","slug":"unor","taxonomy":"category","parent":0,"meta":[],"_links":{"self":[{"href":"https:\/\/www.floria.cz\/sk\/wp-json\/wp\/v2\/categories\/5","targetHints":{"allow":["GET"]}}],"collection":[{"href":"https:\/\/www.floria.cz\/sk\/wp-json\/wp\/v2\/categories"}],"about":[{"href":"https:\/\/www.floria.cz\/sk\/wp-json\/wp\/v2\/taxonomies\/category"}],"wp:post_type":[{"href":"https:\/\/www.floria.cz\/sk\/wp-json\/wp\/v2\/posts?categories=5"}],"curies":[{"name":"wp","href":"https:\/\/api.w.org\/{rel}","templated":true}]}}