{"id":1693,"date":"2025-02-25T10:22:05","date_gmt":"2025-02-25T10:22:05","guid":{"rendered":"https:\/\/www.floria.cz\/?p=1693"},"modified":"2025-02-25T10:22:08","modified_gmt":"2025-02-25T10:22:08","slug":"ruze-vznesene-kralovny-zahrad","status":"publish","type":"post","link":"https:\/\/www.floria.cz\/sk\/ruze-vznesene-kralovny-zahrad\/","title":{"rendered":"Ru\u017ee - vzne\u0161en\u00e9 kr\u00e1\u013eovn\u00e9 z\u00e1hrad"},"content":{"rendered":"<figure class=\"wp-block-image size-full is-resized\"><img loading=\"lazy\" decoding=\"async\" width=\"700\" height=\"301\" src=\"http:\/\/www.floria.cz\/wp-content\/uploads\/2025\/02\/pexels-milada-vigerova-5984524.jpg\" alt=\"\" class=\"wp-image-1694\" style=\"width:960px;height:auto\" srcset=\"https:\/\/www.floria.cz\/wp-content\/uploads\/2025\/02\/pexels-milada-vigerova-5984524.jpg 700w, https:\/\/www.floria.cz\/wp-content\/uploads\/2025\/02\/pexels-milada-vigerova-5984524-300x129.jpg 300w\" sizes=\"auto, (max-width: 700px) 100vw, 700px\" \/><\/figure>\n\n\n\n<p>U\u017e sa pomali\u010dky otep\u013euje a pre n\u00e1s z\u00e1hradk\u00e1rov to znamen\u00e1 jedin\u00e9 \u2013 za\u010d\u00edna sa pr\u00edprava z\u00e1hrady na nov\u00fa sez\u00f3nu. O slovo sa hl\u00e1sia aj kr\u00e1\u013eovn\u00e9 z\u00e1hrad, teda ru\u017ee, ktor\u00e9 v tomto obdob\u00ed odokr\u00fdvame. Aby v\u00e1m ru\u017ee zdravo r\u00e1stli a bohato kvitli, pr\u00e1ve teraz je ten spr\u00e1vny \u010das dopria\u0165 im starostlivos\u0165 v podobe jarn\u00e9ho rezu a doplnenia ch\u00fdbaj\u00facich \u017eiv\u00edn po zime.<\/p>\n\n\n\n<h2 class=\"wp-block-heading\" id=\"viewer-m09k\">D\u00f4le\u017eitos\u0165 jarn\u00e9ho rezu<\/h2>\n\n\n\n<p id=\"viewer-8kmb5\" class=\"translation-block\">\u0158ez r\u016f\u017e\u00ed b\u011bhem jara je velmi d\u016fle\u017eit\u00fd, nebo\u0165 ovlivn\u00ed samotnou velikost ke\u0159\u00edku \u010di stromku a intenzitu kv\u011btenstv\u00ed. V prvn\u00ed \u0159ad\u011b je pot\u0159eba odstranit z r\u016f\u017e\u00ed <strong>v\u0161e, co m\u00e1 na sv\u011bdom\u00ed zima<\/strong>, tj. such\u00e9, zlomen\u00e9 a promrzl\u00e9 \u010d\u00e1sti. Zvolte st\u0159ih kolmo, 5-8 mm nad o\u010dkem.<\/p>\n\n\n\n<p id=\"viewer-e1bji\" class=\"translation-block\">U \u0159ezu bychom m\u011bli rozli\u0161ovat, o jak\u00fd druh r\u016f\u017ee se jedn\u00e1. Rozd\u011blme si je do 3 skupin \u2013 <strong>r\u016f\u017ee ke\u0159\u00edkov\u00e9, stromkov\u00e9 a minir\u016f\u017ee<\/strong>. Ke\u0159\u00edkov\u00e9 r\u016f\u017ee si v\u011bt\u0161inou zaslou\u017e\u00ed radik\u00e1ln\u00ed \u0159ez. Tzv. r\u016f\u017ee velkokv\u011bt\u00e9 (rostlina o v\u00fd\u0161ce 50-120 cm a velikosti kv\u011btu 9 cm a v\u00edce) klidn\u011b zast\u0159ihn\u011bte na rostlinu o v\u00fd\u0161ce 15 cm. O pozn\u00e1n\u00ed m\u00e9n\u011b (na v\u00fd\u0161ku 30-50 cm) zast\u0159ihn\u011bte r\u016f\u017ee mnohokv\u011bt\u00e9. U stromkov\u00fdch r\u016f\u017e\u00ed c\u00edl\u00edme na vytvo\u0159en\u00ed kompaktn\u00ed, vyv\u00e1\u017een\u00e9 koruny, nezast\u0159\u00edh\u00e1v\u00e1me ji tedy tak razantn\u011b. V\u016fbec nejmen\u0161\u00ed z\u00e1sah \u0159ezem zvolte u minir\u016f\u017e\u00ed (skalkov\u00e9, trpasli\u010d\u00ed). Rostlinu sta\u010d\u00ed jen prosv\u011btlit a odstranit odkvetl\u00e9 kv\u011bty.<\/p>\n\n\n\n<h2 class=\"wp-block-heading\" id=\"viewer-ae1up\">Mo\u017en\u00e9 je aj vys\u00e1dza\u0165<\/h2>\n\n\n\n<p id=\"viewer-3pg1k\" class=\"translation-block\">V tomto obdob\u00ed v\u0161ak m\u016f\u017eete i vysazovat nov\u00e9 r\u016f\u017ee. Po vyjmut\u00ed rostliny z obalu m\u00edrn\u011b <strong>rozhr\u0148te ko\u0159enov\u00fd bal<\/strong>, aby n\u00e1sledn\u011b sn\u00e1z zako\u0159enil. Pokud vysazujete do ji\u017e vyu\u017e\u00edvan\u00fdch z\u00e1hon\u016f, nezapome\u0148te st\u00e1vaj\u00edc\u00ed p\u016fdu prom\u00edchat s <strong><a href=\"https:\/\/www.floria.cz\/sk\/floria-zahradnicky-substrat-40-l\/\" data-type=\"page\" data-id=\"772\" target=\"_self\">FLORIA Zahradnick\u00fdm<\/a> <\/strong>\u010di <strong><a href=\"https:\/\/www.floria.cz\/sk\/floria-kvetinovy-substrat-40-l\/\" data-type=\"page\" data-id=\"1287\" target=\"_self\">kv\u011btinov\u00fdm substr\u00e1tem<\/a><\/strong>.<\/p>\n\n\n\n<h2 class=\"wp-block-heading\" id=\"viewer-73kji\">Pre z\u00e1plavu ru\u017e\u00ed<\/h2>\n\n\n\n<p id=\"viewer-b5mds\" class=\"translation-block\">Dop\u0159ejte r\u016f\u017e\u00edm <strong>v\u00fd\u017eivn\u00fd start<\/strong>! M\u016f\u017eete s\u00e1hnout po r\u016fzn\u00fdch druz\u00edch hnojiva, od kapaln\u00fdch, p\u0159es krystalick\u00e1 a\u017e po peletovan\u00e1. <strong>Kapaln\u00fdm hnojivem<\/strong> dod\u00e1te rostlin\u011b \u017eiviny rychle, brzo v\u0161ak budete muset z\u00e1livku zopakovat. N\u011bkomu vyhovuje jednoduch\u00e9 <strong>vpraven\u00ed p\u0159\u00edmo do p\u016fdy<\/strong>, k tomu poslou\u017e\u00ed <a href=\"https:\/\/www.floria.cz\/sk\/floria-hnojivo-pro-ruze-25-kg\/\" data-type=\"page\" data-id=\"749\" target=\"_self\"><strong>FLORIA Hnojivo pro r\u016f\u017e<u>e<\/u><\/strong><\/a><u>.<\/u> Jeho v\u00fdhodou je, \u017ee d\u00edky obsahu 3 forem dus\u00edku m\u016f\u017eete r\u016f\u017ee hnojiv <strong>pouze 2x ro\u010dn\u011b<\/strong>! Nav\u00edc hnojiva p\u0159\u00edmo ur\u010den\u00e1 pro r\u016f\u017ee maj\u00ed vyv\u00e1\u017een\u00fd pom\u011br \u017eivin, tak\u017ee rostlin\u011b dod\u00e1te jen to, co opravdu vyu\u017eije. D\u016fle\u017eit\u00fd je p\u0159edev\u0161\u00edm <strong>drasl\u00edk<\/strong>, kter\u00fd je pot\u0159ebn\u00fd pro <strong>zpevn\u011bn\u00ed pletiv a n\u00e1sadu kv\u011bt\u016f<\/strong>.<\/p>\n\n\n\n<figure class=\"wp-block-image size-large\"><img loading=\"lazy\" decoding=\"async\" width=\"1024\" height=\"574\" src=\"http:\/\/www.floria.cz\/wp-content\/uploads\/2025\/02\/a-rose-1039817-1024x574.jpg\" alt=\"\" class=\"wp-image-1695\" srcset=\"https:\/\/www.floria.cz\/wp-content\/uploads\/2025\/02\/a-rose-1039817-1024x574.jpg 1024w, https:\/\/www.floria.cz\/wp-content\/uploads\/2025\/02\/a-rose-1039817-300x168.jpg 300w, https:\/\/www.floria.cz\/wp-content\/uploads\/2025\/02\/a-rose-1039817-768x431.jpg 768w, https:\/\/www.floria.cz\/wp-content\/uploads\/2025\/02\/a-rose-1039817-1536x862.jpg 1536w, https:\/\/www.floria.cz\/wp-content\/uploads\/2025\/02\/a-rose-1039817.jpg 1920w\" sizes=\"auto, (max-width: 1024px) 100vw, 1024px\" \/><\/figure>","protected":false},"excerpt":{"rendered":"<p>U\u017e se pomali\u010dku otepluje a pro n\u00e1s zahr\u00e1dk\u00e1\u0159e to znamen\u00e1 jedin\u00e9 &#8211; za\u010d\u00edn\u00e1 p\u0159\u00edprava zahrady na novou sez\u00f3nu. O slovo se hl\u00e1s\u00ed i kr\u00e1lovny zahrad, tedy r\u016f\u017ee, kter\u00e9 v tomto obdob\u00ed odkr\u00fdv\u00e1me. Aby v\u00e1m r\u016f\u017ee zdrav\u011b rostly a bohat\u011b kvetly, je nyn\u00ed ten prav\u00fd \u010das dop\u0159\u00e1t jim p\u00e9\u010di v podob\u011b jarn\u00edho \u0159ezu a dopln\u011bn\u00ed chyb\u011bj\u00edc\u00edch [&hellip;]<\/p>\n","protected":false},"author":2,"featured_media":1694,"comment_status":"open","ping_status":"open","sticky":false,"template":"","format":"standard","meta":{"footnotes":"","css_class_manager_body_classes":"","css_class_manager_use_in_post_loop":false},"categories":[6,7,8],"tags":[],"class_list":["post-1693","post","type-post","status-publish","format-standard","has-post-thumbnail","hentry","category-brezen","category-duben","category-kveten"],"_links":{"self":[{"href":"https:\/\/www.floria.cz\/sk\/wp-json\/wp\/v2\/posts\/1693","targetHints":{"allow":["GET"]}}],"collection":[{"href":"https:\/\/www.floria.cz\/sk\/wp-json\/wp\/v2\/posts"}],"about":[{"href":"https:\/\/www.floria.cz\/sk\/wp-json\/wp\/v2\/types\/post"}],"author":[{"embeddable":true,"href":"https:\/\/www.floria.cz\/sk\/wp-json\/wp\/v2\/users\/2"}],"replies":[{"embeddable":true,"href":"https:\/\/www.floria.cz\/sk\/wp-json\/wp\/v2\/comments?post=1693"}],"version-history":[{"count":1,"href":"https:\/\/www.floria.cz\/sk\/wp-json\/wp\/v2\/posts\/1693\/revisions"}],"predecessor-version":[{"id":1696,"href":"https:\/\/www.floria.cz\/sk\/wp-json\/wp\/v2\/posts\/1693\/revisions\/1696"}],"wp:featuredmedia":[{"embeddable":true,"href":"https:\/\/www.floria.cz\/sk\/wp-json\/wp\/v2\/media\/1694"}],"wp:attachment":[{"href":"https:\/\/www.floria.cz\/sk\/wp-json\/wp\/v2\/media?parent=1693"}],"wp:term":[{"taxonomy":"category","embeddable":true,"href":"https:\/\/www.floria.cz\/sk\/wp-json\/wp\/v2\/categories?post=1693"},{"taxonomy":"post_tag","embeddable":true,"href":"https:\/\/www.floria.cz\/sk\/wp-json\/wp\/v2\/tags?post=1693"}],"curies":[{"name":"wp","href":"https:\/\/api.w.org\/{rel}","templated":true}]}}