{"id":63,"date":"2024-08-01T19:08:46","date_gmt":"2024-08-01T19:08:46","guid":{"rendered":"https:\/\/www.floria.cz\/?p=63"},"modified":"2025-02-25T09:15:00","modified_gmt":"2025-02-25T09:15:00","slug":"nastal-srpen-cas-sazeni-jehlicnanu","status":"publish","type":"post","link":"https:\/\/www.floria.cz\/sk\/nastal-srpen-cas-sazeni-jehlicnanu\/","title":{"rendered":"Nastal august, \u010das v\u00fdsadby ihli\u010dnanov"},"content":{"rendered":"<figure class=\"wp-block-image size-full is-resized\"><img loading=\"lazy\" decoding=\"async\" width=\"700\" height=\"300\" src=\"http:\/\/www.floria.cz\/wp-content\/uploads\/2024\/08\/Navrh-bez-nazvu-70.svg\" alt=\"\" class=\"wp-image-1487\" style=\"width:956px;height:auto\"\/><\/figure>\n\n\n\n<p>V posledn\u00fdch rokoch prech\u00e1dza mnoho z\u00e1hrad v\u00fdrazn\u00fdmi zmenami. Ich podoba sa s meniacim \u017eivotn\u00fdm \u0161t\u00fdlom transformuje z \u010disto \u00fa\u017eitkovej formy na formu okrasn\u00fa. Ihli\u010dnany s\u00fa ve\u013emi estetick\u00e9 a maj\u00fa mnoho mo\u017enost\u00ed vyu\u017eitia. Konifery sl\u00fa\u017eia ako zelen\u00e1 a pritom dokonal\u00e1 bari\u00e9ra, rovnako ako zauj\u00edmav\u00e9 solit\u00e9ry, \u010di u\u017e pr\u00edrodn\u00e9 alebo tvarovan\u00e9. Smreky, tuje, cypri\u0161e, tisovce, jedl\u00e9 borovice at\u010f., vr\u00e1tane r\u00f4znych ozdobn\u00fdch kultivarov ihli\u010dnanov, vytv\u00e1raj\u00fa dobr\u00e9 pozadie pre farebn\u00e9 kvetinov\u00e9 z\u00e1hony. Ihli\u010dnany, s v\u00fdnimkou mod\u0159\u00ednu, s\u00fa st\u00e1le zelen\u00e9, a preto nestr\u00e1caj\u00fa na svojej kr\u00e1se ani v zimnom obdob\u00ed. A pr\u00e1ve august je najvhodnej\u0161\u00edm mesiacom pre v\u00fdsadbu, ke\u010f m\u00f4\u017eete svoju z\u00e1hradu o ihli\u010dnany obohati\u0165.<\/p>\n\n\n\n<p class=\"translation-block\">Ve v\u00fdsadbov\u00e9 j\u00e1m\u011b vym\u011bn\u00edme zeminu za <a href=\"https:\/\/www.floria.cz\/sk\/floria-zahradnicky-substrat-40-l\/\" data-type=\"page\" data-id=\"772\" target=\"_self\">FLORIA Zahradnick\u00fd substr\u00e1t<\/a>, p\u0159\u00edpadn\u011b je\u0161t\u011b do zeminy\/substr\u00e1tu p\u0159im\u00edch\u00e1me <a href=\"https:\/\/www.floria.cz\/sk\/floria-hnojivo-na-okrasne-dreviny-a-konifery-25-kg\/\" data-type=\"page\" data-id=\"740\" target=\"_self\">FLORIA Hnojivo pro okrasn\u00e9 d\u0159eviny a konifery<\/a>, rostlinu vysad\u00edme a vydatn\u011b ji zalijeme. Pro sn\u00ed\u017een\u00ed odparu vody z&nbsp;p\u016fdy se doporu\u010duje v okol\u00ed rostliny um\u00edstit tkanou textilii a tu zasypat mul\u010dovac\u00ed k\u016frou.<\/p>","protected":false},"excerpt":{"rendered":"<p>V posledn\u00edch letech proch\u00e1z\u00ed mnoh\u00e9 ze zahr\u00e1dek v\u00fdrazn\u00fdmi zm\u011bnami. Jejich podoba se s m\u011bn\u00edc\u00edm \u017eivotn\u00edm stylem p\u0159etv\u00e1\u0159\u00ed z ryze u\u017eitkov\u00e9 podoby do podoby okrasn\u00e9.&nbsp; Jehli\u010dnany jsou velice estetick\u00e9 a maj\u00ed mnoho mo\u017enosti vyu\u017eit\u00ed. Konifery poslou\u017e\u00ed jako zelen\u00e1 a p\u0159itom dokonal\u00e1 bari\u00e9ra, zrovna tak jako zaj\u00edmav\u00e9 solit\u00e9ry, a\u0165 u\u017e p\u0159\u00edrodn\u00ed \u010di tvarovan\u00e9. Smrky, thuje, cyp\u0159i\u0161e, tisy, [&hellip;]<\/p>\n","protected":false},"author":1,"featured_media":1487,"comment_status":"open","ping_status":"open","sticky":false,"template":"","format":"standard","meta":{"footnotes":"","css_class_manager_body_classes":"","css_class_manager_use_in_post_loop":false},"categories":[11],"tags":[],"class_list":["post-63","post","type-post","status-publish","format-standard","has-post-thumbnail","hentry","category-srpen"],"_links":{"self":[{"href":"https:\/\/www.floria.cz\/sk\/wp-json\/wp\/v2\/posts\/63","targetHints":{"allow":["GET"]}}],"collection":[{"href":"https:\/\/www.floria.cz\/sk\/wp-json\/wp\/v2\/posts"}],"about":[{"href":"https:\/\/www.floria.cz\/sk\/wp-json\/wp\/v2\/types\/post"}],"author":[{"embeddable":true,"href":"https:\/\/www.floria.cz\/sk\/wp-json\/wp\/v2\/users\/1"}],"replies":[{"embeddable":true,"href":"https:\/\/www.floria.cz\/sk\/wp-json\/wp\/v2\/comments?post=63"}],"version-history":[{"count":2,"href":"https:\/\/www.floria.cz\/sk\/wp-json\/wp\/v2\/posts\/63\/revisions"}],"predecessor-version":[{"id":1664,"href":"https:\/\/www.floria.cz\/sk\/wp-json\/wp\/v2\/posts\/63\/revisions\/1664"}],"wp:featuredmedia":[{"embeddable":true,"href":"https:\/\/www.floria.cz\/sk\/wp-json\/wp\/v2\/media\/1487"}],"wp:attachment":[{"href":"https:\/\/www.floria.cz\/sk\/wp-json\/wp\/v2\/media?parent=63"}],"wp:term":[{"taxonomy":"category","embeddable":true,"href":"https:\/\/www.floria.cz\/sk\/wp-json\/wp\/v2\/categories?post=63"},{"taxonomy":"post_tag","embeddable":true,"href":"https:\/\/www.floria.cz\/sk\/wp-json\/wp\/v2\/tags?post=63"}],"curies":[{"name":"wp","href":"https:\/\/api.w.org\/{rel}","templated":true}]}}